{"id":547,"date":"2022-03-04T13:04:55","date_gmt":"2022-03-04T16:04:55","guid":{"rendered":"http:\/\/muhna.cua.ufmt.br\/?p=547"},"modified":"2022-03-04T13:10:30","modified_gmt":"2022-03-04T16:10:30","slug":"conselho-diretor-do-muhna-elabora-plano-de-acoes-para-2022","status":"publish","type":"post","link":"https:\/\/muhna.cua.ufmt.br\/index.php\/2022\/03\/04\/conselho-diretor-do-muhna-elabora-plano-de-acoes-para-2022\/","title":{"rendered":"Conselho Diretor do MuHNA elabora plano de a\u00e7\u00f5es para 2022"},"content":{"rendered":"\n<p>Os membros do Conselho Diretor do Museu de Hist\u00f3ria Natural do Araguaia (MuHNA) j\u00e1 preparam o Plano de A\u00e7\u00f5es para o ano de 2022. Esta \u00e9 uma das primeiras a\u00e7\u00f5es do conselho nomeado em setembro de 2021 e que re\u00fane professores, servidores e acad\u00eamicos dos tr\u00eas institutos do Campus Universit\u00e1rio do Araguaia.&nbsp;<\/p>\n\n\n\n<p>Segundo a diretora do museu Profa. Dra. M\u00e1rcia Cristina Pascotto, o desafio para os pr\u00f3ximos anos \u00e9 garantir recursos financeiros e humanos para a manuten\u00e7\u00e3o e exposi\u00e7\u00e3o do acervo. A diretora adianta que est\u00e1 em contato com a Procev, a vice-reitoria e a dire\u00e7\u00e3o do ICBS para angariar fundos financeiros e profissionais para a manuten\u00e7\u00e3o das instala\u00e7\u00f5es. Recentemente, foi autorizada a&nbsp; contrata\u00e7\u00e3o de estagi\u00e1rio para atendimento ao p\u00fablico.&nbsp; \u201cAl\u00e9m disso, os conselheiros do museu tamb\u00e9m est\u00e3o sempre acompanhando editais para fomentar projetos de pesquisa e de extens\u00e3o\u201d, completa.&nbsp;<\/p>\n\n\n\n<p>As novas atra\u00e7\u00f5es do MuHNA para 2022 s\u00e3o resultado da parceria com o Grupo de Estudos em Mam\u00edferos Marinhos Lagos (GEMM-Lagos), ligado \u00e0 Funda\u00e7\u00e3o Oswaldo Cruz (Fiocruz-RJ). S\u00e3o esqueletos de golfinhos, de tr\u00eas a quatro esp\u00e9cies de tubar\u00f5es de pequeno porte, algumas raias, alguns polvos, lulas, conchas, moluscos marinhos etc. \u201cPor estarmos em uma regi\u00e3o de Cerrado, nosso acervo de animais marinhos \u00e9 reduzido. Essa doa\u00e7\u00e3o do GEM-Lagos vem aumentar nosso acervo de animais desse ecossistema\u201d, pondera Pascotto.&nbsp;<\/p>\n\n\n\n<p>A proposta para 2022 \u00e9 investir principalmente nos projetos de visita\u00e7\u00e3o para receber o m\u00e1ximo de alunos e professores da Educa\u00e7\u00e3o B\u00e1sica de Barra do Gar\u00e7as, Pontal do Araguaia e Aragar\u00e7as. Os visitantes ainda ter\u00e3o acesso \u00e0s oficinas e mostras de cinema que acontecer\u00e3o nas f\u00e9rias de julho, na temporada de praia na regi\u00e3o, sempre com parceria com docentes e acad\u00eamicos da UFMT.&nbsp;<\/p>\n\n\n\n<h2 class=\"wp-block-heading\">Retomada<\/h2>\n\n\n\n<p>Para a retomada das atividades p\u00f3s-pandemia, o MuHNA est\u00e1 se preparando. Na primeira reuni\u00e3o em outubro de 2021 o tema j\u00e1 foi debatido e ser\u00e1 elaborado um plano de retorno das atividades presenciais, que foi solicitado pelo ICBS, e encaminhado no final de dezembro de 2021. <\/p>\n\n\n\n<p>Confira a seguir a entrevista completa com a diretora do MuHNA.<\/p>\n\n\n\n<p><strong>O Conselho Diretor recentemente nomeado \u00e9 resultado da aprova\u00e7\u00e3o do Regimento do Museu pelo Conselho Diretor da UFMT. Como foi esse processo de institucionaliza\u00e7\u00e3o?<\/strong><\/p>\n\n\n\n<p>Segundo a diretora M\u00e1rcia Pascotto, o conselho diretor foi nomeado ap\u00f3s a cria\u00e7\u00e3o pelo Conselho Diretor da UFMT, por meio da Resolu\u00e7\u00e3o 22\/2019 que criou o Museu Hist\u00f3ria Natural do Araguaia e da CD 05\/2020, que vinculou o museu ao Instituto de Ci\u00eancias Biol\u00f3gicas e da Sa\u00fade do Campus Araguaia.&nbsp;<\/p>\n\n\n\n<p><strong>Quais os principais desafios do MuHNA para 2022&nbsp; e como os conselheiros se preparam para ampliar o p\u00fablico da institui\u00e7\u00e3o?<\/strong><\/p>\n\n\n\n<p>Os principais desafios do MuHNA para os pr\u00f3ximos anos \u00e9 garantir recursos financeiros e humanos. Primeiramente, garantir recursos financeiros para manuten\u00e7\u00e3o do acervo, tanto em exposi\u00e7\u00e3o quanto aquelas pe\u00e7as que precisam ser preparadas, e ampliar as cole\u00e7\u00f5es. Estamos em contato com a Procev, a vice-reitoria e a dire\u00e7\u00e3o do ICBS para angariar fundos financeiros para a manuten\u00e7\u00e3o das instala\u00e7\u00f5es. Al\u00e9m disso, os conselheiros do museu tamb\u00e9m est\u00e3o sempre acompanhando editais para fomentar projetos de pesquisa e de extens\u00e3o. .&nbsp;<\/p>\n\n\n\n<p>Outro desafio \u00e9 a composi\u00e7\u00e3o de recursos humanos, pois n\u00e3o temos funcion\u00e1rios para atendimento ao p\u00fablico. S\u00f3 temos a equipe de professores e uma servidora t\u00e9cnica que dedica parte da sua jornada especificamente no museu, sendo respons\u00e1vel pela parte t\u00e9cnica de prepara\u00e7\u00e3o e manuten\u00e7\u00e3o do acervo, mesmo n\u00e3o sendo exclusiva do MuHNA. O desafio \u00e9 a contrata\u00e7\u00e3o ou designa\u00e7\u00e3o de servidores exclusivamente para o atendimento ao p\u00fablico, pois recebemos cerca de 40 visitantes a cada visita t\u00e9cnica, o que torna invi\u00e1vel receber os visitantes com apenas com um monitor.&nbsp; Nos reunimos recentemente com a dire\u00e7\u00e3o do ICBS e a vice-Reitoria buscando a contrata\u00e7\u00e3o de servidores e estagi\u00e1rios para que possam atuar tanto no atendimento ao p\u00fablico quanto no preparo do acervo.&nbsp;&nbsp;<\/p>\n\n\n\n<p><strong>Como o museu prepara-se para a reabertura p\u00f3s-pandemia? O conselho tem debatido um plano de retomada?<\/strong><\/p>\n\n\n\n<p>Para a retomada das atividades, estamos nos preparando desde a constitui\u00e7\u00e3o do Conselho Diretor. Na primeira reuni\u00e3o em outubro o tema j\u00e1 foi debatido e estamos elaborando um plano de retorno das atividades presenciais, que j\u00e1 foi solicitado pelo ICBS, e ser\u00e1 encaminhado at\u00e9 o final de dezembro.&nbsp;<\/p>\n\n\n\n<p><strong>Na reabertura, o p\u00fablico ter\u00e1 novas atra\u00e7\u00f5es (novas cole\u00e7\u00f5es, por exemplo)?<\/strong><\/p>\n\n\n\n<p>Na abertura em 2022, iremos expor um acervo de invertebrados e vertebrados marinhos que recebemos do Grupo de Estudos em Mam\u00edferos Marinhos Lagos (GEMM-Lagos) ligado \u00e0 Funda\u00e7\u00e3o Oswaldo Cruz (Fiocruz-RJ). Diante da informa\u00e7\u00e3o da oportunidade de doa\u00e7\u00e3o, entramos em contato e nos doaram esqueletos de golfinhos, de tr\u00eas a quatro esp\u00e9cies de tubar\u00f5es de pequeno porte, algumas raias, alguns polvos, lulas, conchas, moluscos marinhos etc. Por estarmos em uma regi\u00e3o de Cerrado, nosso acervo de animais marinhos \u00e9 reduzido. Essa doa\u00e7\u00e3o do GEM-Lagos vem aumentar nosso acervo de animais desse ecossistema.&nbsp; Al\u00e9m disso, vamos reorganizar o espa\u00e7o expositor das cole\u00e7\u00f5es com essas novas pe\u00e7as incorporadas e outras que j\u00e1 est\u00e3o em prepara\u00e7\u00e3o para a visita\u00e7\u00e3o.<\/p>\n\n\n\n<p><strong>Em quais projetos o museu pretende investir esfor\u00e7os no pr\u00f3ximo ano?<\/strong><\/p>\n\n\n\n<p>Vamos investir principalmente nos projetos de visita\u00e7\u00e3o para receber o m\u00e1ximo de alunos e professores da Educa\u00e7\u00e3o B\u00e1sica por meio de parcerias com as prefeituras de Barra do Gar\u00e7as, Pontal do Araguaia e Aragar\u00e7as. Infelizmente, a UFMT n\u00e3o disp\u00f5e de transporte para trazer os alunos. As parcerias visam garantir o acesso dos estudantes locais ao museu, que equivalem a cerca de 80% dos visitantes.<\/p>\n\n\n\n<p>Tamb\u00e9m iremos fortalecer os projetos de pesquisa para que professores e pesquisadores associados possam trazer recursos ampliando o acervo de pesquisa, a visita\u00e7\u00e3o e os equipamentos. Da mesma forma, os projetos de extens\u00e3o, especialmente os programas, Cultural e Educa\u00e7\u00e3o Museal, ter\u00e3o aten\u00e7\u00e3o especial, como os eventos nacionais Semana Nacional de Ci\u00eancia e Tecnologia e a Primavera dos Museus<em>,<\/em> eventos em que podemos desenvolver atividades locais de acordo com o tema proposto e recursos recebidos das ag\u00eancias financiadoras.&nbsp;<\/p>\n\n\n\n<p>Al\u00e9m disso, o museu seguir\u00e1 com os projetos educativos e forma\u00e7\u00e3o de professores por meio de oficinas e mostras de cinema que acontecer\u00e3o nas f\u00e9rias de julho, na temporada de praia na regi\u00e3o, sempre com parceria com docentes e acad\u00eamicos da UFMT.&nbsp; Ainda em termos educacionais, vamos nos esfor\u00e7ar para a aquisi\u00e7\u00e3o de mobili\u00e1rio e brinquedos, compondo uma brinquedoteca com m\u00f3veis e brinquedos educativos para que crian\u00e7as de at\u00e9 10 anos possam ter outras atividades educativas, al\u00e9m das visitas e das mostras de cinema, por exemplo.&nbsp;<\/p>\n\n\n\n<p><strong>Esses projetos est\u00e3o alinhados ao Plano Museol\u00f3gico que est\u00e1 em constru\u00e7\u00e3o?<\/strong><br>Todas essas a\u00e7\u00f5es, programas e projetos est\u00e3o alinhados com o Plano Museol\u00f3gico. Toda institui\u00e7\u00e3o, conforme prev\u00ea o Estatuto dos Museus, precisa registrar anualmente o planejamento, que inclui a pol\u00edtica de descarte, entre outras normativas. Nosso plano dever\u00e1 contemplar o diferencial do MuNHA, que \u00e9 a inclus\u00e3o. Por isso, a institui\u00e7\u00e3o pretende incluir o m\u00e1ximo poss\u00edvel de p\u00fablico de forma cada vez mais abrangente e inclusiva, prevendo isso no Plano Museol\u00f3gico. O museu j\u00e1 nasceu com a Sala dos Sentidos, incluindo pessoas com defici\u00eancia visual na visita\u00e7\u00e3o explorando pelo tato e pela audi\u00e7\u00e3o uma parte do museu. Os videntes tamb\u00e9m podem experimentar as mesmas sensa\u00e7\u00f5es de olhos vendados e guiados pelos monitores. Neste sentido, pretendemos ampliar essa acessibilidade com legendas em braille e l\u00edngua xavante nas placas informativas e&nbsp; v\u00eddeos com legenda em LIBRAS.<\/p>\n\n\n\n<h2 class=\"wp-block-heading\">Conhe\u00e7a os integrantes do Conselho Diretor do Museu de Hist\u00f3ria Natural do Araguaia<\/h2>\n\n\n\n<ul class=\"wp-block-list\"><li>M\u00e1rcia Cristina Pascotto &#8211; (Diretora)<\/li><li>Luana dos Anjos Ramos (Vice-Diretora)<\/li><li>Deyvisson Pereira da Costa (Membro Titular Docente)&nbsp;<\/li><li>Ivairton Monteiro Santos (Membro Titular Docente)&nbsp;<\/li><li>Silvio Cesar Oliveira Colturato (Membro Titular Docente)&nbsp;<\/li><li>Lusnaiara Rodrigues Lima &#8211; (Membro Titular T\u00e9cnico Administrativo)&nbsp;<\/li><li>Sthefany Gonsalves Teixeira &#8211; (Membro Titular Discente)&nbsp;<\/li><li>Fabiana Morandi Jord\u00e3o &#8211; (Membro Suplente Docente)<\/li><li>Maur\u00edcio da Silva Guedes &#8211; (Membro Suplente Docente)&nbsp;<\/li><li>Maxwell Gomes Miranda &#8211; (Membro Suplente Docente)&nbsp;<\/li><li>Heloisa Lima de Carvalho &#8211; (Membro Suplente T\u00e9cnico Administrativo)&nbsp;<\/li><li>Ingred da Silva Nascimento &#8211; (Membro Suplente Discente)<\/li><\/ul>\n\n\n\n<p>&nbsp;<\/p>\n","protected":false},"excerpt":{"rendered":"<p>Os membros do Conselho Diretor do Museu de Hist\u00f3ria Natural do Araguaia (MuHNA) j\u00e1 preparam o Plano de A\u00e7\u00f5es para o ano [&hellip;]<\/p>\n","protected":false},"author":2,"featured_media":0,"comment_status":"open","ping_status":"open","sticky":false,"template":"","format":"standard","meta":{"_monsterinsights_skip_tracking":false,"_monsterinsights_sitenote_active":false,"_monsterinsights_sitenote_note":"","_monsterinsights_sitenote_category":0,"footnotes":""},"categories":[6],"tags":[14,10,11,15,12,9,13,8,7],"class_list":["post-547","post","type-post","status-publish","format-standard","hentry","category-noticias","tag-14","tag-conselho","tag-diretor","tag-entrevista","tag-membros","tag-pandemia","tag-plano","tag-pos","tag-remotada"],"yoast_head":"<!-- This site is optimized with the Yoast SEO plugin v25.0 - https:\/\/yoast.com\/wordpress\/plugins\/seo\/ -->\n<title>Conselho Diretor do MuHNA elabora plano de a\u00e7\u00f5es para 2022 - MuHNA<\/title>\n<meta name=\"robots\" content=\"noindex, follow\" \/>\n<meta property=\"og:locale\" content=\"pt_BR\" \/>\n<meta property=\"og:type\" content=\"article\" \/>\n<meta property=\"og:title\" content=\"Conselho Diretor do MuHNA elabora plano de a\u00e7\u00f5es para 2022 - MuHNA\" \/>\n<meta property=\"og:description\" content=\"Os membros do Conselho Diretor do Museu de Hist\u00f3ria Natural do Araguaia (MuHNA) j\u00e1 preparam o Plano de A\u00e7\u00f5es para o ano [&hellip;]\" \/>\n<meta property=\"og:url\" content=\"https:\/\/muhna.cua.ufmt.br\/index.php\/2022\/03\/04\/conselho-diretor-do-muhna-elabora-plano-de-acoes-para-2022\/\" \/>\n<meta property=\"og:site_name\" content=\"MuHNA\" \/>\n<meta property=\"article:publisher\" content=\"https:\/\/www.facebook.com\/MuHNA.UFMT\/\" \/>\n<meta property=\"article:published_time\" content=\"2022-03-04T16:04:55+00:00\" \/>\n<meta property=\"article:modified_time\" content=\"2022-03-04T16:10:30+00:00\" \/>\n<meta name=\"author\" content=\"Ivairton Santos\" \/>\n<meta name=\"twitter:card\" content=\"summary_large_image\" \/>\n<meta name=\"twitter:label1\" content=\"Escrito por\" \/>\n\t<meta name=\"twitter:data1\" content=\"Ivairton Santos\" \/>\n\t<meta name=\"twitter:label2\" content=\"Est. tempo de leitura\" \/>\n\t<meta name=\"twitter:data2\" content=\"6 minutos\" \/>\n<script type=\"application\/ld+json\" class=\"yoast-schema-graph\">{\"@context\":\"https:\/\/schema.org\",\"@graph\":[{\"@type\":\"Article\",\"@id\":\"https:\/\/muhna.cua.ufmt.br\/index.php\/2022\/03\/04\/conselho-diretor-do-muhna-elabora-plano-de-acoes-para-2022\/#article\",\"isPartOf\":{\"@id\":\"https:\/\/muhna.cua.ufmt.br\/index.php\/2022\/03\/04\/conselho-diretor-do-muhna-elabora-plano-de-acoes-para-2022\/\"},\"author\":{\"name\":\"Ivairton Santos\",\"@id\":\"https:\/\/muhna.cua.ufmt.br\/#\/schema\/person\/5f14732fa55f67088928c5b71d5d5bb9\"},\"headline\":\"Conselho Diretor do MuHNA elabora plano de a\u00e7\u00f5es para 2022\",\"datePublished\":\"2022-03-04T16:04:55+00:00\",\"dateModified\":\"2022-03-04T16:10:30+00:00\",\"mainEntityOfPage\":{\"@id\":\"https:\/\/muhna.cua.ufmt.br\/index.php\/2022\/03\/04\/conselho-diretor-do-muhna-elabora-plano-de-acoes-para-2022\/\"},\"wordCount\":1480,\"commentCount\":0,\"publisher\":{\"@id\":\"https:\/\/muhna.cua.ufmt.br\/#organization\"},\"keywords\":[\"2022\",\"conselho\",\"diretor\",\"entrevista\",\"membros\",\"pandemia\",\"plano\",\"p\u00f3s\",\"remotada\"],\"articleSection\":[\"Not\u00edcias\"],\"inLanguage\":\"pt-BR\",\"potentialAction\":[{\"@type\":\"CommentAction\",\"name\":\"Comment\",\"target\":[\"https:\/\/muhna.cua.ufmt.br\/index.php\/2022\/03\/04\/conselho-diretor-do-muhna-elabora-plano-de-acoes-para-2022\/#respond\"]}]},{\"@type\":\"WebPage\",\"@id\":\"https:\/\/muhna.cua.ufmt.br\/index.php\/2022\/03\/04\/conselho-diretor-do-muhna-elabora-plano-de-acoes-para-2022\/\",\"url\":\"https:\/\/muhna.cua.ufmt.br\/index.php\/2022\/03\/04\/conselho-diretor-do-muhna-elabora-plano-de-acoes-para-2022\/\",\"name\":\"Conselho Diretor do MuHNA elabora plano de a\u00e7\u00f5es para 2022 - MuHNA\",\"isPartOf\":{\"@id\":\"https:\/\/muhna.cua.ufmt.br\/#website\"},\"datePublished\":\"2022-03-04T16:04:55+00:00\",\"dateModified\":\"2022-03-04T16:10:30+00:00\",\"breadcrumb\":{\"@id\":\"https:\/\/muhna.cua.ufmt.br\/index.php\/2022\/03\/04\/conselho-diretor-do-muhna-elabora-plano-de-acoes-para-2022\/#breadcrumb\"},\"inLanguage\":\"pt-BR\",\"potentialAction\":[{\"@type\":\"ReadAction\",\"target\":[\"https:\/\/muhna.cua.ufmt.br\/index.php\/2022\/03\/04\/conselho-diretor-do-muhna-elabora-plano-de-acoes-para-2022\/\"]}]},{\"@type\":\"BreadcrumbList\",\"@id\":\"https:\/\/muhna.cua.ufmt.br\/index.php\/2022\/03\/04\/conselho-diretor-do-muhna-elabora-plano-de-acoes-para-2022\/#breadcrumb\",\"itemListElement\":[{\"@type\":\"ListItem\",\"position\":1,\"name\":\"In\u00edcio\",\"item\":\"https:\/\/muhna.cua.ufmt.br\/\"},{\"@type\":\"ListItem\",\"position\":2,\"name\":\"Conselho Diretor do MuHNA elabora plano de a\u00e7\u00f5es para 2022\"}]},{\"@type\":\"WebSite\",\"@id\":\"https:\/\/muhna.cua.ufmt.br\/#website\",\"url\":\"https:\/\/muhna.cua.ufmt.br\/\",\"name\":\"MuHNA\",\"description\":\"Museu de Hist\u00f3ria Natural do Araguaia\",\"publisher\":{\"@id\":\"https:\/\/muhna.cua.ufmt.br\/#organization\"},\"potentialAction\":[{\"@type\":\"SearchAction\",\"target\":{\"@type\":\"EntryPoint\",\"urlTemplate\":\"https:\/\/muhna.cua.ufmt.br\/?s={search_term_string}\"},\"query-input\":{\"@type\":\"PropertyValueSpecification\",\"valueRequired\":true,\"valueName\":\"search_term_string\"}}],\"inLanguage\":\"pt-BR\"},{\"@type\":\"Organization\",\"@id\":\"https:\/\/muhna.cua.ufmt.br\/#organization\",\"name\":\"Museu de Hist\u00f3ria Natural do Araguaia - MuHNA\",\"url\":\"https:\/\/muhna.cua.ufmt.br\/\",\"logo\":{\"@type\":\"ImageObject\",\"inLanguage\":\"pt-BR\",\"@id\":\"https:\/\/muhna.cua.ufmt.br\/#\/schema\/logo\/image\/\",\"url\":\"http:\/\/muhna.cua.ufmt.br\/wp-content\/uploads\/2019\/08\/logo.png\",\"contentUrl\":\"http:\/\/muhna.cua.ufmt.br\/wp-content\/uploads\/2019\/08\/logo.png\",\"width\":424,\"height\":87,\"caption\":\"Museu de Hist\u00f3ria Natural do Araguaia - MuHNA\"},\"image\":{\"@id\":\"https:\/\/muhna.cua.ufmt.br\/#\/schema\/logo\/image\/\"},\"sameAs\":[\"https:\/\/www.facebook.com\/MuHNA.UFMT\/\",\"https:\/\/www.instagram.com\/muhna.ufmt\/\",\"https:\/\/www.youtube.com\/playlist?list=PLiOtZ8JoUebVQKPG7W7I2272_OZzbYTy_\"]},{\"@type\":\"Person\",\"@id\":\"https:\/\/muhna.cua.ufmt.br\/#\/schema\/person\/5f14732fa55f67088928c5b71d5d5bb9\",\"name\":\"Ivairton Santos\",\"image\":{\"@type\":\"ImageObject\",\"inLanguage\":\"pt-BR\",\"@id\":\"https:\/\/muhna.cua.ufmt.br\/#\/schema\/person\/image\/\",\"url\":\"https:\/\/secure.gravatar.com\/avatar\/125e493bf96b544b9fa5af354d25511b2149b20d97d3e8cb41eea9ee8da76b4d?s=96&d=mm&r=g\",\"contentUrl\":\"https:\/\/secure.gravatar.com\/avatar\/125e493bf96b544b9fa5af354d25511b2149b20d97d3e8cb41eea9ee8da76b4d?s=96&d=mm&r=g\",\"caption\":\"Ivairton Santos\"},\"sameAs\":[\"http:\/\/comp.cua.ufmt.br\/~ivairton\/\"],\"url\":\"https:\/\/muhna.cua.ufmt.br\/index.php\/author\/ivairton\/\"}]}<\/script>\n<!-- \/ Yoast SEO plugin. -->","yoast_head_json":{"title":"Conselho Diretor do MuHNA elabora plano de a\u00e7\u00f5es para 2022 - MuHNA","robots":{"index":"noindex","follow":"follow"},"og_locale":"pt_BR","og_type":"article","og_title":"Conselho Diretor do MuHNA elabora plano de a\u00e7\u00f5es para 2022 - MuHNA","og_description":"Os membros do Conselho Diretor do Museu de Hist\u00f3ria Natural do Araguaia (MuHNA) j\u00e1 preparam o Plano de A\u00e7\u00f5es para o ano [&hellip;]","og_url":"https:\/\/muhna.cua.ufmt.br\/index.php\/2022\/03\/04\/conselho-diretor-do-muhna-elabora-plano-de-acoes-para-2022\/","og_site_name":"MuHNA","article_publisher":"https:\/\/www.facebook.com\/MuHNA.UFMT\/","article_published_time":"2022-03-04T16:04:55+00:00","article_modified_time":"2022-03-04T16:10:30+00:00","author":"Ivairton Santos","twitter_card":"summary_large_image","twitter_misc":{"Escrito por":"Ivairton Santos","Est. tempo de leitura":"6 minutos"},"schema":{"@context":"https:\/\/schema.org","@graph":[{"@type":"Article","@id":"https:\/\/muhna.cua.ufmt.br\/index.php\/2022\/03\/04\/conselho-diretor-do-muhna-elabora-plano-de-acoes-para-2022\/#article","isPartOf":{"@id":"https:\/\/muhna.cua.ufmt.br\/index.php\/2022\/03\/04\/conselho-diretor-do-muhna-elabora-plano-de-acoes-para-2022\/"},"author":{"name":"Ivairton Santos","@id":"https:\/\/muhna.cua.ufmt.br\/#\/schema\/person\/5f14732fa55f67088928c5b71d5d5bb9"},"headline":"Conselho Diretor do MuHNA elabora plano de a\u00e7\u00f5es para 2022","datePublished":"2022-03-04T16:04:55+00:00","dateModified":"2022-03-04T16:10:30+00:00","mainEntityOfPage":{"@id":"https:\/\/muhna.cua.ufmt.br\/index.php\/2022\/03\/04\/conselho-diretor-do-muhna-elabora-plano-de-acoes-para-2022\/"},"wordCount":1480,"commentCount":0,"publisher":{"@id":"https:\/\/muhna.cua.ufmt.br\/#organization"},"keywords":["2022","conselho","diretor","entrevista","membros","pandemia","plano","p\u00f3s","remotada"],"articleSection":["Not\u00edcias"],"inLanguage":"pt-BR","potentialAction":[{"@type":"CommentAction","name":"Comment","target":["https:\/\/muhna.cua.ufmt.br\/index.php\/2022\/03\/04\/conselho-diretor-do-muhna-elabora-plano-de-acoes-para-2022\/#respond"]}]},{"@type":"WebPage","@id":"https:\/\/muhna.cua.ufmt.br\/index.php\/2022\/03\/04\/conselho-diretor-do-muhna-elabora-plano-de-acoes-para-2022\/","url":"https:\/\/muhna.cua.ufmt.br\/index.php\/2022\/03\/04\/conselho-diretor-do-muhna-elabora-plano-de-acoes-para-2022\/","name":"Conselho Diretor do MuHNA elabora plano de a\u00e7\u00f5es para 2022 - MuHNA","isPartOf":{"@id":"https:\/\/muhna.cua.ufmt.br\/#website"},"datePublished":"2022-03-04T16:04:55+00:00","dateModified":"2022-03-04T16:10:30+00:00","breadcrumb":{"@id":"https:\/\/muhna.cua.ufmt.br\/index.php\/2022\/03\/04\/conselho-diretor-do-muhna-elabora-plano-de-acoes-para-2022\/#breadcrumb"},"inLanguage":"pt-BR","potentialAction":[{"@type":"ReadAction","target":["https:\/\/muhna.cua.ufmt.br\/index.php\/2022\/03\/04\/conselho-diretor-do-muhna-elabora-plano-de-acoes-para-2022\/"]}]},{"@type":"BreadcrumbList","@id":"https:\/\/muhna.cua.ufmt.br\/index.php\/2022\/03\/04\/conselho-diretor-do-muhna-elabora-plano-de-acoes-para-2022\/#breadcrumb","itemListElement":[{"@type":"ListItem","position":1,"name":"In\u00edcio","item":"https:\/\/muhna.cua.ufmt.br\/"},{"@type":"ListItem","position":2,"name":"Conselho Diretor do MuHNA elabora plano de a\u00e7\u00f5es para 2022"}]},{"@type":"WebSite","@id":"https:\/\/muhna.cua.ufmt.br\/#website","url":"https:\/\/muhna.cua.ufmt.br\/","name":"MuHNA","description":"Museu de Hist\u00f3ria Natural do Araguaia","publisher":{"@id":"https:\/\/muhna.cua.ufmt.br\/#organization"},"potentialAction":[{"@type":"SearchAction","target":{"@type":"EntryPoint","urlTemplate":"https:\/\/muhna.cua.ufmt.br\/?s={search_term_string}"},"query-input":{"@type":"PropertyValueSpecification","valueRequired":true,"valueName":"search_term_string"}}],"inLanguage":"pt-BR"},{"@type":"Organization","@id":"https:\/\/muhna.cua.ufmt.br\/#organization","name":"Museu de Hist\u00f3ria Natural do Araguaia - MuHNA","url":"https:\/\/muhna.cua.ufmt.br\/","logo":{"@type":"ImageObject","inLanguage":"pt-BR","@id":"https:\/\/muhna.cua.ufmt.br\/#\/schema\/logo\/image\/","url":"http:\/\/muhna.cua.ufmt.br\/wp-content\/uploads\/2019\/08\/logo.png","contentUrl":"http:\/\/muhna.cua.ufmt.br\/wp-content\/uploads\/2019\/08\/logo.png","width":424,"height":87,"caption":"Museu de Hist\u00f3ria Natural do Araguaia - MuHNA"},"image":{"@id":"https:\/\/muhna.cua.ufmt.br\/#\/schema\/logo\/image\/"},"sameAs":["https:\/\/www.facebook.com\/MuHNA.UFMT\/","https:\/\/www.instagram.com\/muhna.ufmt\/","https:\/\/www.youtube.com\/playlist?list=PLiOtZ8JoUebVQKPG7W7I2272_OZzbYTy_"]},{"@type":"Person","@id":"https:\/\/muhna.cua.ufmt.br\/#\/schema\/person\/5f14732fa55f67088928c5b71d5d5bb9","name":"Ivairton Santos","image":{"@type":"ImageObject","inLanguage":"pt-BR","@id":"https:\/\/muhna.cua.ufmt.br\/#\/schema\/person\/image\/","url":"https:\/\/secure.gravatar.com\/avatar\/125e493bf96b544b9fa5af354d25511b2149b20d97d3e8cb41eea9ee8da76b4d?s=96&d=mm&r=g","contentUrl":"https:\/\/secure.gravatar.com\/avatar\/125e493bf96b544b9fa5af354d25511b2149b20d97d3e8cb41eea9ee8da76b4d?s=96&d=mm&r=g","caption":"Ivairton Santos"},"sameAs":["http:\/\/comp.cua.ufmt.br\/~ivairton\/"],"url":"https:\/\/muhna.cua.ufmt.br\/index.php\/author\/ivairton\/"}]}},"_links":{"self":[{"href":"https:\/\/muhna.cua.ufmt.br\/index.php\/wp-json\/wp\/v2\/posts\/547","targetHints":{"allow":["GET"]}}],"collection":[{"href":"https:\/\/muhna.cua.ufmt.br\/index.php\/wp-json\/wp\/v2\/posts"}],"about":[{"href":"https:\/\/muhna.cua.ufmt.br\/index.php\/wp-json\/wp\/v2\/types\/post"}],"author":[{"embeddable":true,"href":"https:\/\/muhna.cua.ufmt.br\/index.php\/wp-json\/wp\/v2\/users\/2"}],"replies":[{"embeddable":true,"href":"https:\/\/muhna.cua.ufmt.br\/index.php\/wp-json\/wp\/v2\/comments?post=547"}],"version-history":[{"count":2,"href":"https:\/\/muhna.cua.ufmt.br\/index.php\/wp-json\/wp\/v2\/posts\/547\/revisions"}],"predecessor-version":[{"id":552,"href":"https:\/\/muhna.cua.ufmt.br\/index.php\/wp-json\/wp\/v2\/posts\/547\/revisions\/552"}],"wp:attachment":[{"href":"https:\/\/muhna.cua.ufmt.br\/index.php\/wp-json\/wp\/v2\/media?parent=547"}],"wp:term":[{"taxonomy":"category","embeddable":true,"href":"https:\/\/muhna.cua.ufmt.br\/index.php\/wp-json\/wp\/v2\/categories?post=547"},{"taxonomy":"post_tag","embeddable":true,"href":"https:\/\/muhna.cua.ufmt.br\/index.php\/wp-json\/wp\/v2\/tags?post=547"}],"curies":[{"name":"wp","href":"https:\/\/api.w.org\/{rel}","templated":true}]}}